{"id":3552,"date":"2014-11-25T05:55:03","date_gmt":"2014-11-25T05:55:03","guid":{"rendered":"https:\/\/nogawlape.org\/?p=3552"},"modified":"2014-12-05T16:40:01","modified_gmt":"2014-12-05T16:40:01","slug":"skrzydlaci-sasiedzi-2015-czyli-nasz-kalendarz","status":"publish","type":"post","link":"https:\/\/nogawlape.org\/?p=3552","title":{"rendered":"Skrzydlaci s\u0105siedzi 2015, czyli nasz kalendarz!"},"content":{"rendered":"<p>Pi\u0119kne zdj\u0119cia (i \u017adziebko edukacji), kt\u00f3re b\u0119d\u0105 radowa\u0107 Wasze oczy i serca przez ca\u0142y nadchodz\u0105cy rok.<br \/>\n<strong>To w\u0142a\u015bnie znajdziecie w naszym wyj\u0105tkowym Kalendarzu 2015.<br \/>\n<\/strong>Tematem kalendarza s\u0105 nasi skrzydlaci s\u0105siedzi. Zachwycaj\u0105cy\u00a0barwami upierzenia i talentami wokalnymi, zadziwiaj\u0105cy umiej\u0119tno\u015bciami i zwyczajami. Klejnoty w miejskiej, betonowej rzeczywisto\u015bci.<br \/>\nTrzeba je chroni\u0107 i temu ma s\u0142u\u017cy\u0107 idea, \u017ceby ten kalendarz poszed\u0142 w Wasze r\u0119ce. Zebrane t\u0105 drog\u0105 pieni\u0105dze przeznaczymy na prac\u0119 naszego Ptasiego Patrolu, kt\u00f3ry ratuje \u017cycie ptak\u00f3w gniazduj\u0105cych w budynkach oraz walczy o kompensacje zniszczonych siedlisk.<\/p>\n<p><strong>Kalendarz 2015 oferujemy w dw\u00f3ch wersjach! Jedna &#8211; do postawienia na biurko, st\u00f3\u0142, p\u00f3\u0142k\u0119, druga &#8211; do powieszenia na \u015bcian\u0119. W obu pokazujemy inne zdj\u0119cia.<\/strong><\/p>\n<p>Kalendarz wisz\u0105cy ma wymiary 30&#215;40 cm i prezentuje 13 ptasich portret\u00f3w (ok\u0142adka + 12 miesi\u0119cy). Dodatkowo na rewersie ok\u0142adki dajemy zdj\u0119cia pokazuj\u0105ce ciekawe, czasem zaskakuj\u0105co umiejscowione, ptasie lokale.<\/p>\n<p>Kalendarz biurkowy, w wymiarze A5, ma 14 kart. Podobnie jak w wisz\u0105cym w ka\u017cdym miesi\u0105cu patronem jest inny ptak. Na rewersie ka\u017cdej strony z kalendarium znalaz\u0142o si\u0119 zdj\u0119cie ptasiego lokalu.<\/p>\n<p>Polecamy Wam oba kalendarze jako mi\u0142y prezent dla siebie samego oraz dla Waszych przyjaci\u00f3\u0142, znajomych, pracownik\u00f3w&#8230;<br \/>\nI jako cenne wsparcie dla naszych szczeg\u00f3lnych, trudnych dzia\u0142a\u0144.<br \/>\n<span style=\"text-decoration: underline;\">Cena: <\/span>Je\u015bli kalendarze odbierzecie bezpo\u015brednio z biura Fundacji, po poprzednim um\u00f3wieniu si\u0119 (Warszawa, Ursyn\u00f3w, ul. Hawajska 5\/9), ew. mo\u017cna um\u00f3wi\u0107 si\u0119 na mie\u015bcie, koszt biurkowego to 12 z\u0142, wisz\u0105cego 25 z\u0142. Przy wysy\u0142aniu poczt\u0105 trzeba doliczy\u0107 5 z\u0142.<br \/>\nWysy\u0142ka po przelaniu pieni\u0119dzy na konto Fundacji (z zaznaczeniem wersji, ilo\u015bci egzemplarzy i sposobu przekazania kalendarzy)<br \/>\n87 2490 0005 0000 4500 5605 8992.<\/p>\n<p><strong>UWAGA!!!<\/strong><\/p>\n<p>Dnia 5 grudnia <span style=\"text-decoration: underline;\">sprzeda\u0142y si\u0119 ostatnie sztuki kalendarza wisz\u0105cego.<\/span> Rozesz\u0142y si\u0119 jak \u015bwie\u017ce bu\u0142eczki \ud83d\ude42 Serdecznie dzi\u0119kujemy i zapraszamy do zakupu kalendarzy na biurko.<\/p>\n<p><strong>Kontakt: tel. 888 066 402, e-mail: r.markowska@wp.pl<\/strong><\/p>\n<p><strong>[mudslide:picasa,0,nogawlape,6085516875098550177]<\/strong><\/p>\n","protected":false},"excerpt":{"rendered":"<p>Pi\u0119kne zdj\u0119cia (i \u017adziebko edukacji), kt\u00f3re b\u0119d\u0105 radowa\u0107 Wasze oczy i serca przez ca\u0142y nadchodz\u0105cy rok. To w\u0142a\u015bnie znajdziecie w naszym wyj\u0105tkowym Kalendarzu 2015. Tematem kalendarza s\u0105 nasi skrzydlaci s\u0105siedzi. Zachwycaj\u0105cy\u00a0barwami upierzenia i talentami wokalnymi, zadziwiaj\u0105cy umiej\u0119tno\u015bciami i zwyczajami. Klejnoty w miejskiej, betonowej rzeczywisto\u015bci. Trzeba je chroni\u0107 i temu ma s\u0142u\u017cy\u0107 idea, \u017ceby ten kalendarz [&hellip;]<\/p>\n","protected":false},"author":2,"featured_media":0,"comment_status":"closed","ping_status":"closed","sticky":false,"template":"","format":"standard","meta":{"footnotes":""},"categories":[8],"tags":[],"_links":{"self":[{"href":"https:\/\/nogawlape.org\/index.php?rest_route=\/wp\/v2\/posts\/3552"}],"collection":[{"href":"https:\/\/nogawlape.org\/index.php?rest_route=\/wp\/v2\/posts"}],"about":[{"href":"https:\/\/nogawlape.org\/index.php?rest_route=\/wp\/v2\/types\/post"}],"author":[{"embeddable":true,"href":"https:\/\/nogawlape.org\/index.php?rest_route=\/wp\/v2\/users\/2"}],"replies":[{"embeddable":true,"href":"https:\/\/nogawlape.org\/index.php?rest_route=%2Fwp%2Fv2%2Fcomments&post=3552"}],"version-history":[{"count":4,"href":"https:\/\/nogawlape.org\/index.php?rest_route=\/wp\/v2\/posts\/3552\/revisions"}],"predecessor-version":[{"id":3554,"href":"https:\/\/nogawlape.org\/index.php?rest_route=\/wp\/v2\/posts\/3552\/revisions\/3554"}],"wp:attachment":[{"href":"https:\/\/nogawlape.org\/index.php?rest_route=%2Fwp%2Fv2%2Fmedia&parent=3552"}],"wp:term":[{"taxonomy":"category","embeddable":true,"href":"https:\/\/nogawlape.org\/index.php?rest_route=%2Fwp%2Fv2%2Fcategories&post=3552"},{"taxonomy":"post_tag","embeddable":true,"href":"https:\/\/nogawlape.org\/index.php?rest_route=%2Fwp%2Fv2%2Ftags&post=3552"}],"curies":[{"name":"wp","href":"https:\/\/api.w.org\/{rel}","templated":true}]}}