{"id":3661,"date":"2015-01-29T20:22:57","date_gmt":"2015-01-29T20:22:57","guid":{"rendered":"https:\/\/nogawlape.org\/?p=3661"},"modified":"2015-02-05T09:55:34","modified_gmt":"2015-02-05T09:55:34","slug":"prawa-zwierzat-bezdomnych-w-ue-zagrozone-pilny-protest-online","status":"publish","type":"post","link":"https:\/\/nogawlape.org\/?p=3661","title":{"rendered":"Prawa zwierz\u0105t bezdomnych w UE zagro\u017cone!"},"content":{"rendered":"<p><a href=\"https:\/\/nogawlape.org\/wp-content\/uploads\/2015\/01\/AHL-1.jpg\"><a href=\"https:\/\/nogawlape.org\/?p=3661\"><img loading=\"lazy\" decoding=\"async\" class=\"size-medium wp-image-3663 alignleft\" style=\"border: 0px; margin: 10px;\" title=\"AHL 1\" src=\"https:\/\/nogawlape.org\/wp-content\/uploads\/2015\/01\/AHL-1-199x300.jpg\" alt=\"\" width=\"199\" height=\"300\" srcset=\"https:\/\/nogawlape.org\/wp-content\/uploads\/2015\/01\/AHL-1-199x300.jpg 199w, https:\/\/nogawlape.org\/wp-content\/uploads\/2015\/01\/AHL-1-680x1024.jpg 680w, https:\/\/nogawlape.org\/wp-content\/uploads\/2015\/01\/AHL-1.jpg 1424w\" sizes=\"(max-width: 199px) 100vw, 199px\" \/><\/a><\/a><strong>29 stycznia 2015 PILNY PROTEST ONLINE!!!<\/strong><\/p>\n<p>Trzeci rok trwaj\u0105 prace nad poprawkami do dokumentu Animal Health Law (AHL), kt\u00f3ry reguluje przepisy dotycz\u0105ce zdrowia zwierz\u0105t w UE. Za\u0142o\u017cenie by\u0142o bardzo dobre, by rozszerzy\u0107, ujednolici\u0107 i zebra\u0107 w 1 miejscu wszystkie przepisy chroni\u0105ce zwierz\u0119ta pod k\u0105tem ich zdrowia. Ale do\u015b\u0107 szybko pojawi\u0142a si\u0119 koncepcja, by w ramach og\u00f3lnego podzia\u0142u zwierz\u0105t na Kept\/Wild &#8211; czyli posiadane\/dzikie, zwierz\u0119ta bezdomne podlega\u0142y pod dzikie! <span style=\"text-decoration: underline;\"><strong>A to znaczy, \u017ce ich populacj\u0119 b\u0119dzie mo\u017cna regulowa\u0107 tak, jak zwierz\u0105t dzikich, poprzez odstrza\u0142!<\/strong><\/span><\/p>\n<p>W kwietniu 2014 pos\u0142owie w europarlamencie przeg\u0142osowali brak akceptacji dla takiego podzia\u0142u, tym samym ratuj\u0105c niejako sytuacj\u0119 zwierz\u0105t bezdomnych, a prace nad AHL popar\u0142y du\u017ce organizacje prozwierz\u0119ce. Ale propozycje poprawek, kt\u00f3re pojawiaj\u0105 si\u0119 od grudnia 2014 zn\u00f3w powr\u00f3ci\u0142y do podpi\u0119cia zwierz\u0105t bezdomnych pod dzikie, czyli ignorowane jest g\u0142osowanie europos\u0142\u00f3w i apele organizacji pozarz\u0105dowych.<\/p>\n<p>Polski europose\u0142 Janusz Wojciechowski, prezydent intergrupy ds. zwierz\u0105t w UE, z\u0142o\u017cy\u0142 2 propozycje poprawki, proponuj\u0105c wprowadzenie specjalnych termin\u00f3w dla zwierz\u0105t bezdomnych &#8211; nie s\u0105 to najszcz\u0119\u015bliwsze rozwi\u0105zania, ale w tej sytuacji najlepsze z mo\u017cliwych. Protestuj\u0105 te\u017c europos\u0142owie z wielu kraj\u00f3w.<\/p>\n<p>W Unii Europejskiej nie ma szczeg\u00f3\u0142owego prawa chroni\u0105cego zwierz\u0119ta bezdomne, kwestia ta jest pozostawiona do regulacji przez prawo narodowe. Dlatego mi.in. UE nie reaguje stanowczo na mordowanie ps\u00f3w w Rumunii. Nie ma te\u017c w Unii wystarczaj\u0105cych &#8222;ch\u0119ci&#8221;, by takie prawo zacz\u0119\u0142o powstawa\u0107, mimo przer\u00f3\u017cnych protest\u00f3w i petycji od lat. Taka niekorzystna poprawka do AHL, to nie jest taka ma\u0142a zmiana w 1 dokumencie, \u00a0bo je\u015bli przejd\u0105 te niedorzeczne zmiany, to oddali nas to zn\u00f3w od unijnej dyrektywy dla zwierz\u0105t bezdomnych.<\/p>\n<p>Projekt jest w finalnym stadium procesu legislacyjnego ( trialog &#8211; debata Komisji, Rady i Parlamentu).<\/p>\n<p>Jedyne, co mo\u017cna teraz zrobi\u0107, to ka\u017cdy kraj naciska na swoich europos\u0142\u00f3w, by stan\u0119li murem wobec komisji i te poprawki nie przesz\u0142y. Piszmy do naszych Europos\u0142\u00f3w i podpisujemy mi\u0119dzynarodow\u0105 petycj\u0119 ( skierowan\u0105 m.in. do szefa Rady Europy Donalda Tuska).<\/p>\n<p><strong>Kontakt w sprawie protestu: Magda Kuropatwi\u0144ska, meginbucharest@gmail.com<\/strong><\/p>\n<p><strong>PETYCJA:<\/strong><\/p>\n<p><a href=\"https:\/\/www.change.org\/p\/martin-schulz-reject-the-proposal-contained-in-the-draft-of-the-eu-animal-health-law-that-defines-stray-domestic-animals-as-wild-animals?just_signed=true\">https:\/\/www.change.org\/p\/martin-schulz-reject-the-proposal-contained-in-the-draft-of-the-eu-animal-health-law-that-defines-stray-domestic-animals-as-wild-animals?just_signed=true<\/a><\/p>\n<p><strong>TU MO\u017bESZ DOWIEDZIE\u0106 SI\u0118 WI\u0118CEJ (zagraniczne linki):<\/strong><\/p>\n<ul>\n<li>12 February 2014\u00a0\u00a0\u00a0 <a href=\"http:\/\/lawyersforanimalprotection.eu\/animal-health-law-european-parliament-agri-committee-asks-for-more-animal-welfare-and-for-registration-of-all-dogs\/\">http:\/\/lawyersforanimalprotection.eu\/animal-health-law-european-parliament-agri-committee-asks-for-more-animal-welfare-and-for-registration-of-all-dogs\/<\/a><\/li>\n<\/ul>\n<ul>\n<li>15 April 2014, Four Paws\u00a0\u00a0 <a href=\"http:\/\/www.vier-pfoten.eu\/news-press\/press-releases-2014\/new-eu-animal-health-law\/\">http:\/\/www.vier-pfoten.eu\/news-press\/press-releases-2014\/new-eu-animal-health-law\/<\/a><\/li>\n<\/ul>\n<ul>\n<li>Webpages campaigning against strays as wild, Occupy for Animals <a href=\"http:\/\/strayanimalsarenotwildanimals.weebly.com\/\">http:\/\/strayanimalsarenotwildanimals.weebly.com\/<\/a> and <a href=\"http:\/\/www.occupyforanimals.net\/eu-animal-health-law.html\">http:\/\/www.occupyforanimals.net\/eu-animal-health-law.html<\/a><\/li>\n<\/ul>\n<ul>\n<li>5 December 2014 <a href=\"http:\/\/lawyersforanimalprotection.eu\/non-kept-dogs-and-cats-are-not-wild-animals\/\">http:\/\/lawyersforanimalprotection.eu\/non-kept-dogs-and-cats-are-not-wild-animals\/<\/a><\/li>\n<\/ul>\n<ul>\n<li>22 December 2014 <a href=\"https:\/\/www.facebook.com\/BrusselsTimes\/posts\/10152896889412210\">https:\/\/www.facebook.com\/BrusselsTimes\/posts\/10152896889412210<\/a><\/li>\n<\/ul>\n<p><strong>PROTEST ONLINE:<\/strong><\/p>\n<p><strong>Piszemy 2 kr\u00f3tkie maile ( do naszych europos\u0142anek i europos\u0142\u00f3w). NAJLEPIEJ OD SIEBIE, A DLA TYCH, KT\u00d3RYM BRAK WENY LUB CZASU JEST \u015aCI\u0104GA PONI\u017bEJ:<\/strong><\/p>\n<p style=\"text-align: left;\"><strong>2 PRZYK\u0141ADY MAILI:<\/strong><\/p>\n<p><strong>Temat: Prosz\u0119 pom\u00f3c zatrzyma\u0107 niekorzystne dla zwierz\u0105t bezdomych poprawki do Animal Health Law!<\/strong><\/p>\n<p><strong><em>Szanowny Panie Po\u015ble! <\/em><\/strong><\/p>\n<p><strong><em>Wprowadzane obecnie propozycje poprawek do Animal Health Law s\u0105 bardzo niekorzystne dla zwierz\u0105t bezdomnych. Bezdomne psy i koty maj\u0105 podlega\u0107 pod zwierz\u0119ta dzikie, co po pierwsze, zapewne zgodzi si\u0119 Pan ze mn\u0105, jest niedorzeczne, a po drugie mo\u017ce skutkowa\u0107 tym, \u017ce populacje zwierz\u0105t bezdomnych b\u0119d\u0105 regulowane tak, jak dzikich &#8211; poprzez odstrza\u0142.<\/em><\/strong><\/p>\n<p><strong><em>Zwierz\u0119ta s\u0105 dla mnie wa\u017cne. Udomowione psy i koty, to najbli\u017csi przyjaciele cz\u0142owieka, a o przyjaci\u00f3\u0142 si\u0119 dba. Dlatego prosz\u0119 Pana o reprezentowanie mnie, jako wyborcy, w Parlamencie Europejskim, i czynne zaanga\u017cowanie w zatrzymanie niekor<\/em>zystnych poprawek do Animal Health Law. <\/strong><\/p>\n<p><strong><em>z wyrazami szacunku,<\/em><\/strong><\/p>\n<p><strong><br \/>\n<\/strong><\/p>\n<p><strong>Szanowna Pani Pose\u0142!<\/strong><\/p>\n<p><strong><em>Wprowadzane obecnie propozycje poprawek do Animal Health Law s\u0105 bardzo niekorzystne dla zwierz\u0105t bezdomnych. Bezdomne psy i koty maj\u0105 podlega\u0107 pod zwierz\u0119ta dzikie, co po pierwsze, zapewne zgodzi si\u0119 Pani ze mn\u0105, jest niedorzeczne, a po drugie mo\u017ce skutkowa\u0107 tym, \u017ce populacje zwierz\u0105t bezdomnych b\u0119d\u0105 regulowane tak, jak dzikich &#8211; poprzez odstrza\u0142.<\/em><\/strong><\/p>\n<p><strong><em>Zwierz\u0119ta s\u0105 dla mnie wa\u017cne. Udomowione psy i koty, to najbli\u017csi przyjaciele cz\u0142owieka, a o przyjaci\u00f3\u0142 si\u0119 dba. Dlatego prosz\u0119 Pani\u0105 o reprezentowanie mnie, jako wyborcy, w Parlamencie Europejskim, i czynne <\/em><em>zaanga\u017cowanie w zatrzymanie niekorzystnych poprawek do Animal Health Law.<\/em><\/strong><\/p>\n<p><strong><em>z wyrazami szacunku,<\/em> <\/strong><\/p>\n<p style=\"text-align: left;\"><strong>Mo\u017cna te\u017c pisa\u0107 bardzo kr\u00f3tkie maile:) NIE ZGADZAM SI\u0118 NA NIEKORZYSTNE DLA ZWIERZ\u0104T BEZDOMNYCH POPRAWKI DO ANIMAL HEALTH LAW!!!<\/strong><\/p>\n<p><strong><br \/>\n<\/strong><\/p>\n<div><span style=\"font-weight: bold;\">Maile europos\u0142\u00f3w:<\/span><\/div>\n<p><a href=\"mailto:michal.boni@europarl.europa.eu\">michal.boni@europarl.europa.eu<\/a><\/p>\n<p>jerzy.buzek@europarl.europa.eu<\/p>\n<p><a href=\"mailto:ryszard.czarnecki@europarl.europa.eu\">ryszard.czarnecki@europarl.europa.eu<\/a><\/p>\n<p><a href=\"mailto:andrzej.duda@europarl.europa.eu\">andrzej.duda@europarl.europa.eu<\/a><\/p>\n<p><a href=\"mailto:adam.gierek@europarl.europa.eu\">adam.gierek@europarl.europa.eu<\/a><\/p>\n<p><a href=\"mailto:gierek@interia.eu\">gierek@interia.eu<\/a><\/p>\n<p><a href=\"mailto:marekjozef.grobarczyk@europarl.europa.eu\">marekjozef.grobarczyk@europarl.europa.eu<\/a><\/p>\n<p><a href=\"mailto:andrzej.grzyb@europarl.europa.eu\">andrzej.grzyb@europarl.europa.eu<\/a><\/p>\n<p><a href=\"mailto:andrzej.grzyb@europarl.europa.eu\"><\/a> <a href=\"mailto:krzysztof.hetman@europarl.europa.eu\">krzysztof.hetman@europarl.europa.eu<\/a><\/p>\n<p><a href=\"mailto:robertjaroslaw.iwaszkiewicz@europarl.europa.eu\">robertjaroslaw.iwaszkiewicz@europarl.europa.eu<\/a><\/p>\n<p><a href=\"mailto:robertjaroslaw.iwaszkiewicz@europarl.europa.eu\"><\/a> <a href=\"mailto:dawid.jackiewicz@europarl.europa.eu\">dawid.jackiewicz@europarl.europa.eu<\/a><\/p>\n<p><a href=\"mailto:dawid.jackiewicz@europarl.europa.eu\"><\/a><a href=\"mailto:jaroslaw.kalinowski@europarl.europa.eu\">jaroslaw.kalinowski@europarl.europa.eu<\/a><\/p>\n<p><a href=\"mailto:jaroslaw.kalinowski@europarl.europa.eu\"><\/a> <a href=\"mailto:eurobiuro.warszawa@kalinowski.pl\">eurobiuro.warszawa@kalinowski.pl<\/a><\/p>\n<p><a href=\"mailto:marek.jurek@europarl.europa.eu\">marek.jurek@europarl.europa.eu<\/a><\/p>\n<p><a href=\"mailto:karol.karski@europarl.europa.eu\">karol.karski@europarl.europa.eu<\/a><\/p>\n<p><a href=\"mailto:janusz.korwin-mikke@europarl.europa.eu\">janusz.korwin-mikke@europarl.europa.eu<\/a><\/p>\n<p><a href=\"mailto:zdzislaw.krasnodebski@europarl.europa.eu\">zdzislaw.krasnodebski@europarl.europa.eu<\/a><\/p>\n<p><a href=\"mailto:zbigniew.kuzmiuk@europarl.europa.eu\">zbigniew.kuzmiuk@europarl.europa.eu<\/a><\/p>\n<p><a href=\"mailto:zbigniew.kuzmiuk@europarl.europa.eu\"><\/a> <a href=\"mailto:biuro@zbigniewkuzmiuk.pl\">biuro@zbigniewkuzmiuk.pl<\/a><\/p>\n<p><a href=\"mailto:ryszardantoni.legutko@europarl.europa.eu%20biuro@rlegutko.pl\">ryszardantoni.legutko@europarl.europa.eu <\/a><\/p>\n<p><a href=\"mailto:ryszardantoni.legutko@europarl.europa.eu%20biuro@rlegutko.pl\">biuro@rlegutko.pl<\/a><\/p>\n<p><a href=\"mailto:janusz.lewandowski@europarl.europa.eu\">janusz.lewandowski@europarl.europa.eu<\/a><\/p>\n<p><a href=\"mailto:boguslaw.liberadzki@europarl.europa.eu\">boguslaw.liberadzki@europarl.europa.eu<\/a><\/p>\n<p><a href=\"mailto:michal.marusik@europarl.europa.eu\">michal.marusik@europarl.europa.eu<\/a><\/p>\n<p><a href=\"mailto:michal.marusik@europarl.europa.eu\"><\/a> jan.olbrycht@europarl.europa.eu<\/p>\n<p><a href=\"mailto:biuro@janolbrycht.pl\">biuro@janolbrycht.pl<\/a><\/p>\n<p><a href=\"mailto:stanislaw.ozog@europarl.europa.eu\">stanislaw.ozog@europarl.europa.eu<\/a><\/p>\n<p><a href=\"mailto:boleslaw.piecha@europarl.europa.eu\">boleslaw.piecha@europarl.europa.eu<\/a><\/p>\n<p><a href=\"mailto:miroslaw.piotrowski@europarl.europa.eu\">miroslaw.piotrowski@europarl.europa.eu<\/a><\/p>\n<p><a title=\"info@piotrowski.org.pl\" href=\"mailto:info@piotrowski.org.pl\">info@piotrowski.org.pl<\/a><\/p>\n<p><a href=\"mailto:marek.plura@europarl.europa.eu\">marek.plura@europarl.europa.eu<\/a><\/p>\n<p><a href=\"mailto:biuro@plura.pl\">biuro@plura.pl<\/a><\/p>\n<p><a href=\"mailto:tomasz.poreba@europarl.europa.eu\">tomasz.poreba@europarl.europa.eu<\/a><\/p>\n<p><a href=\"mailto:biuro.rzeszow@tomaszporeba.pl\">biuro.rzeszow@tomaszporeba.pl<\/a><\/p>\n<p><a href=\"mailto:dariusz.rosati@europarl.europa.eu\">dariusz.rosati@europarl.europa.eu<\/a><\/p>\n<p><a href=\"mailto:piotr.kolomycki@rosati.pl\">piotr.kolomycki@rosati.pl<\/a><\/p>\n<p><a href=\"mailto:szczecin@rosati.pl\">szczecin@rosati.pl<\/a><\/p>\n<p><a href=\"mailto:czeslaw.siekierski@europarl.europa.eu\">czeslaw.siekierski@europarl.europa.eu<\/a><\/p>\n<p><a href=\"mailto:adam.szejnfeld@europarl.europa.eu\">adam.szejnfeld@europarl.europa.eu<\/a><\/p>\n<p><a href=\"mailto:biuro@szejnfeld.pl\">biuro@szejnfeld.pl<\/a><\/p>\n<p>jacek.saryusz-wolski@europarl.europa.eu<\/p>\n<p><a href=\"mailto:biuro@jaceksaryusz-wolski.pl\">biuro@jaceksaryusz-wolski.pl<\/a><\/p>\n<p><a href=\"mailto:kazimierzmichal.ujazdowski@europarl.europa.eu\">kazimierzmichal.ujazdowski@europarl.europa.eu<\/a><\/p>\n<p><a href=\"mailto:jaroslaw.walesa@europarl.europa.eu\">jaroslaw.walesa@europarl.europa.eu<\/a><\/p>\n<p><a href=\"mailto:bogdan.wenta@europarl.europa.eu\">bogdan.wenta@europarl.europa.eu<\/a><\/p>\n<p>janusz.wojciechowski@europarl.europa.eu<\/p>\n<p><a href=\"mailto:bogdan.zdrojewski@europarl.europa.eu\">bogdan.zdrojewski@europarl.europa.eu<\/a><\/p>\n<p><a href=\"mailto:janusz.zemke@europarl.europa.eu\">janusz.zemke@europarl.europa.eu<\/a><\/p>\n<p>janusz.zemke@op.pl<\/p>\n<p><a href=\"mailto:kosma.zlotowski@europarl.europa.eu\">kosma.zlotowski@europarl.europa.eu<\/a><\/p>\n<p><a href=\"mailto:stanislawjozef.zoltek@europarl.europa.eu\">stanislawjozef.zoltek@europarl.europa.eu<\/a><\/p>\n<p>adeusz.zwiefka@europarl.europa.eu<\/p>\n<p><strong>Maile europos\u0142anek:<\/strong><\/p>\n<p><a href=\"mailto:anna.fotyga@europarl.europa.eu\">anna.fotyga@europarl.europa.eu<\/a><\/p>\n<p><a href=\"mailto:fotygabiuro@gmail.com\"><strong>fotygabiuro@gmail.com<\/strong><\/a><\/p>\n<p><a href=\"mailto:lidiajoanna.geringerdeoedenberg@europarl.europa.eu\">lidiajoanna.geringerdeoedenberg@europarl.europa.eu<\/a><\/p>\n<p><a href=\"mailto:biuro@lgeringer.pl\">biuro@lgeringer.pl<\/a><\/p>\n<p><a href=\"mailto:lgeringer@lgeringer.pl\">lgeringer@lgeringer.pl<\/a><\/p>\n<p><a href=\"mailto:beata.gosiewska@europarl.europa.eu\">beata.gosiewska@europarl.europa.eu<\/a><\/p>\n<p>danuta.jazlowiecka@europarl.europa.eu<\/p>\n<p><a href=\"mailto:biuro.opole@jazlowiecka.pl\">biuro.opole@jazlowiecka.pl<\/a><\/p>\n<p><a href=\"mailto:agnieszka.kozlowska-rajewicz@europarl.europa.eu\">agnieszka.kozlowska-rajewicz@europarl.europa.eu<\/a><\/p>\n<p><a href=\"mailto:barbara.kudrycka@europarl.europa.eu\">barbara.kudrycka@europarl.europa.eu<\/a><\/p>\n<p><a href=\"mailto:%20biuro@kudrycka.pl\">biuro@kudrycka.pl<\/a><\/p>\n<p>elzbieta.lukacijewska@europarl.europa.eu<\/p>\n<p><a href=\"mailto:krystyna.lybacka@europarl.europa.eu\">krystyna.lybacka@europarl.europa.eu<\/a><\/p>\n<p><a href=\"mailto:biuro@lybacka.pl\">biuro@lybacka.pl<\/a><\/p>\n<p><a href=\"mailto:julia.pitera@europarl.europa.eu\">julia.pitera@europarl.europa.eu<\/a><strong> <\/strong><\/p>\n<p><strong> <\/strong><a href=\"mailto:e-biuro@juliapitera.pl\">e-biuro@juliapitera.pl<\/a><strong> <\/strong><\/p>\n<p><strong> <\/strong>roza.thun@europarl.europa.eu<\/p>\n<p><a href=\"mailto:biuro@rozathun.pl\">biuro@rozathun.pl<\/a><\/p>\n<p><a href=\"mailto:jadwiga.wisniewska@europarl.europa.eu\">jadwiga.wisniewska@europarl.europa.eu<\/a><\/p>\n<p>( dn 05.02 usun\u0119lismy z listy maile do Danuty Huebner, na pro\u015bb\u0119 jej asystentki. Protest sparali\u017cowa\u0142 prac\u0119 sekretariatu, Pani pose\u0142 zaanga\u017cuje si\u0119, zrozumia\u0142a o co walczymy. Dzi\u0119kujemy im za kontakt i zainteresowanie. I gratulacje dla wszystkich pisz\u0105cych maile!)<\/p>\n<p><strong>Mo\u017cecie te\u017c pisa\u0107 osobne, osobiste maile do tych polskich europos\u0142\u00f3w, kt\u00f3rzy nale\u017c\u0105 do intergrupy ds zwierz\u0105t w PE.<\/strong><\/p>\n<p><a href=\"mailto:kosma.zlotowski@europarl.europa.eu\">kosma.zlotowski@europarl.europa.eu<\/a><\/p>\n<p><a href=\"mailto:kosma.zlotowski@europarl.europa.eu\"><\/a> <a href=\"mailto:janusz.wojciechowski@europarl.europa.eu\">janusz.wojciechowski@europarl.europa.eu<\/a><\/p>\n<p><a href=\"mailto:jadwiga.wisniewska@europarl.europa.eu\">jadwiga.wisniewska@europarl.europa.eu<\/a><\/p>\n<p><a href=\"mailto:kazimierzmichal.ujazdowski@europarl.europa.eu\">kazimierzmichal.ujazdowski@europarl.europa.eu<\/a><\/p>\n<p>roza.thun@europarl.europa.eu<\/p>\n<p><a href=\"mailto:stanislaw.ozog@europarl.europa.eu\">stanislaw.ozog@europarl.europa.eu<\/a><\/p>\n<p><a href=\"mailto:stanislaw.ozog@europarl.europa.eu\"><\/a> <a href=\"mailto:boleslaw.piecha@europarl.europa.eu\">boleslaw.piecha@europarl.europa.eu<\/a><\/p>\n<p><a href=\"mailto:zbigniew.kuzmiuk@europarl.europa.eu\">zbigniew.kuzmiuk@europarl.europa.eu<\/a><\/p>\n<p><a href=\"mailto:zbigniew.kuzmiuk@europarl.europa.eu\"><\/a> <a href=\"mailto:biuro@zbigniewkuzmiuk.pl\">biuro@zbigniewkuzmiuk.pl<\/a><\/p>\n<p><a href=\"mailto:dawid.jackiewicz@europarl.europa.eu\">dawid.jackiewicz@europarl.europa.eu<\/a><\/p>\n<p><a href=\"mailto:beata.gosiewska@europarl.europa.eu\">beata.gosiewska@europarl.europa.eu<\/a><\/p>\n<p><a href=\"mailto:marekjozef.grobarczyk@europarl.europa.eu\">marekjozef.grobarczyk@europarl.europa.eu<\/a><\/p>\n<p><a href=\"mailto:biuro@marekgrobarczyk.pl\">biuro@marekgrobarczyk.pl<\/a><\/p>\n<p><a href=\"mailto:biuro@marekgrobarczyk.pl\"><\/a> <a href=\"mailto:anna.fotyga@europarl.europa.eu\">anna.fotyga@europarl.europa.eu<\/a><\/p>\n<p><a href=\"mailto:fotygabiuro@gmail.com\"><strong>fotygabiuro@gmail.com<\/strong><\/a><strong> <\/strong><\/p>\n<p><a href=\"mailto:andrzej.duda@europarl.europa.eu\">andrzej.duda@europarl.europa.eu<\/a><\/p>\n<p><a href=\"mailto:ryszard.czarnecki@europarl.europa.eu\">ryszard.czarnecki@europarl.europa.eu<\/a><\/p>\n<p>A za\u0142czy\u0107 do maili mo\u017cna tak\u0105 poczt\u00f3wk\u0119:<\/p>\n<p><a href=\"https:\/\/nogawlape.org\/wp-content\/uploads\/2015\/01\/AHL2.jpg\"><img loading=\"lazy\" decoding=\"async\" class=\"alignleft size-medium wp-image-3710\" title=\"AHL2\" src=\"https:\/\/nogawlape.org\/wp-content\/uploads\/2015\/01\/AHL2-199x300.jpg\" alt=\"\" width=\"199\" height=\"300\" srcset=\"https:\/\/nogawlape.org\/wp-content\/uploads\/2015\/01\/AHL2-199x300.jpg 199w, https:\/\/nogawlape.org\/wp-content\/uploads\/2015\/01\/AHL2-680x1024.jpg 680w, https:\/\/nogawlape.org\/wp-content\/uploads\/2015\/01\/AHL2.jpg 1424w\" sizes=\"(max-width: 199px) 100vw, 199px\" \/><\/a><\/p>\n","protected":false},"excerpt":{"rendered":"<p>29 stycznia 2015 PILNY PROTEST ONLINE!!! Trzeci rok trwaj\u0105 prace nad poprawkami do dokumentu Animal Health Law (AHL), kt\u00f3ry reguluje przepisy dotycz\u0105ce zdrowia zwierz\u0105t w UE. Za\u0142o\u017cenie by\u0142o bardzo dobre, by rozszerzy\u0107, ujednolici\u0107 i zebra\u0107 w 1 miejscu wszystkie przepisy chroni\u0105ce zwierz\u0119ta pod k\u0105tem ich zdrowia. Ale do\u015b\u0107 szybko pojawi\u0142a si\u0119 koncepcja, by w ramach [&hellip;]<\/p>\n","protected":false},"author":2,"featured_media":0,"comment_status":"closed","ping_status":"closed","sticky":false,"template":"","format":"standard","meta":{"footnotes":""},"categories":[8],"tags":[],"_links":{"self":[{"href":"https:\/\/nogawlape.org\/index.php?rest_route=\/wp\/v2\/posts\/3661"}],"collection":[{"href":"https:\/\/nogawlape.org\/index.php?rest_route=\/wp\/v2\/posts"}],"about":[{"href":"https:\/\/nogawlape.org\/index.php?rest_route=\/wp\/v2\/types\/post"}],"author":[{"embeddable":true,"href":"https:\/\/nogawlape.org\/index.php?rest_route=\/wp\/v2\/users\/2"}],"replies":[{"embeddable":true,"href":"https:\/\/nogawlape.org\/index.php?rest_route=%2Fwp%2Fv2%2Fcomments&post=3661"}],"version-history":[{"count":27,"href":"https:\/\/nogawlape.org\/index.php?rest_route=\/wp\/v2\/posts\/3661\/revisions"}],"predecessor-version":[{"id":3664,"href":"https:\/\/nogawlape.org\/index.php?rest_route=\/wp\/v2\/posts\/3661\/revisions\/3664"}],"wp:attachment":[{"href":"https:\/\/nogawlape.org\/index.php?rest_route=%2Fwp%2Fv2%2Fmedia&parent=3661"}],"wp:term":[{"taxonomy":"category","embeddable":true,"href":"https:\/\/nogawlape.org\/index.php?rest_route=%2Fwp%2Fv2%2Fcategories&post=3661"},{"taxonomy":"post_tag","embeddable":true,"href":"https:\/\/nogawlape.org\/index.php?rest_route=%2Fwp%2Fv2%2Ftags&post=3661"}],"curies":[{"name":"wp","href":"https:\/\/api.w.org\/{rel}","templated":true}]}}