{"id":4046,"date":"2016-06-18T04:49:00","date_gmt":"2016-06-18T04:49:00","guid":{"rendered":"https:\/\/nogawlape.org\/?p=4046"},"modified":"2016-06-18T04:51:05","modified_gmt":"2016-06-18T04:51:05","slug":"karla-nowa-podopieczna","status":"publish","type":"post","link":"https:\/\/nogawlape.org\/?p=4046","title":{"rendered":"Karla, nowa podopieczna"},"content":{"rendered":"<p><strong>16 czerwiec 2016<\/strong><\/p>\n<p>Karla zosta\u0142a wy\u0142apana w maju 2016 z ulicy w Mi\u0144sku Mazowieckim. Po kwarantannie w przechowalni, czeka\u0142a j\u0105 przeprowadzka do Radys (schronisko, w kt\u00f3rym jest ok 3 tys ps\u00f3w). Poproszono nas o pomoc w zabraniu suni.<\/p>\n<p>Z braku czasu (mieli\u015bmy 3 dni) i dzi\u0119ki pomocy dobrych ludzi z facebooka uda\u0142o si\u0119 umie\u015bci\u0107 Karl\u0119 w hotelu, z kt\u00f3rym wsp\u00f3\u0142pracujemy (k. Chojnic). Suczka zosta\u0142a przewieziona do hotelu. By\u0142a przera\u017cona do tego stopnia, \u017ce p. Magda zaprowadzi\u0142a j\u0105 do wewn\u0119trznego kojca, \u017ceby sunia si\u0119 uspokoi\u0142a. Ju\u017c na drugi dzie\u0144 okaza\u0142o si\u0119, \u017ce co\u015b jest nie tak. Psina wpada\u0142a na przedmioty, w ogrodzenie, nie reagowa\u0142a na ruch. KARLA JEST NIEWIDOMA.\u00a0 Jest ju\u017c po wizycie u weterynarza, kt\u00f3ry potwierdzi\u0142 &#8211; suczka nie widzi. Ewentualnie mo\u017ce rozr\u00f3\u017cnia\u0107 cienie &#8211; jasne, ciemne. Prawdopodobnie nie widzi od dawna lub nawet od urodzenia. Ma ok 5-6 lat. Jest bardzo przyjazna, spokojna, lgn\u0105ca do cz\u0142owieka. Poszukuj\u0105ca kontaktu.<\/p>\n<p>Suczka nie ma \u017cadnej profilaktyki, dlatego prosimy o pa\u0144stwa wsparcie &#8211; trzeba j\u0105 zaszczepi\u0107, zabezpieczy\u0107 na kleszcze, wysterylizowa\u0107.<\/p>\n<p>Kontakt: 518-693-658<\/p>\n<div>\n<div><em>Fundacja Noga w \u0141ap\u0119. Razem idziemy przez \u015bwiat.<\/em><\/div>\n<p><em> <\/em><\/div>\n<p><em> <\/em><\/p>\n<div>\n<div><em>ul. Hawajska 5\/9   02-776 Warszawa<\/em><\/div>\n<\/div>\n<p><em> <\/em><\/p>\n<div>\n<div><em>Nr rachunku: 87 2490 0005 0000 4500 5605 8992<\/em><\/div>\n<\/div>\n<p><em> <\/em><\/p>\n<div><em> <\/em><\/p>\n<div><em>z dopiskiem &#8221; KARLA&#8221;<\/em><\/div>\n<\/div>\n<div>[mudslide:picasa,0,nogawlape,6297387587846689345]<\/div>\n","protected":false},"excerpt":{"rendered":"<p>16 czerwiec 2016 Karla zosta\u0142a wy\u0142apana w maju 2016 z ulicy w Mi\u0144sku Mazowieckim. Po kwarantannie w przechowalni, czeka\u0142a j\u0105 przeprowadzka do Radys (schronisko, w kt\u00f3rym jest ok 3 tys ps\u00f3w). Poproszono nas o pomoc w zabraniu suni. Z braku czasu (mieli\u015bmy 3 dni) i dzi\u0119ki pomocy dobrych ludzi z facebooka uda\u0142o si\u0119 umie\u015bci\u0107 Karl\u0119 [&hellip;]<\/p>\n","protected":false},"author":2,"featured_media":0,"comment_status":"closed","ping_status":"closed","sticky":false,"template":"","format":"standard","meta":{"footnotes":""},"categories":[8],"tags":[],"_links":{"self":[{"href":"https:\/\/nogawlape.org\/index.php?rest_route=\/wp\/v2\/posts\/4046"}],"collection":[{"href":"https:\/\/nogawlape.org\/index.php?rest_route=\/wp\/v2\/posts"}],"about":[{"href":"https:\/\/nogawlape.org\/index.php?rest_route=\/wp\/v2\/types\/post"}],"author":[{"embeddable":true,"href":"https:\/\/nogawlape.org\/index.php?rest_route=\/wp\/v2\/users\/2"}],"replies":[{"embeddable":true,"href":"https:\/\/nogawlape.org\/index.php?rest_route=%2Fwp%2Fv2%2Fcomments&post=4046"}],"version-history":[{"count":3,"href":"https:\/\/nogawlape.org\/index.php?rest_route=\/wp\/v2\/posts\/4046\/revisions"}],"predecessor-version":[{"id":4051,"href":"https:\/\/nogawlape.org\/index.php?rest_route=\/wp\/v2\/posts\/4046\/revisions\/4051"}],"wp:attachment":[{"href":"https:\/\/nogawlape.org\/index.php?rest_route=%2Fwp%2Fv2%2Fmedia&parent=4046"}],"wp:term":[{"taxonomy":"category","embeddable":true,"href":"https:\/\/nogawlape.org\/index.php?rest_route=%2Fwp%2Fv2%2Fcategories&post=4046"},{"taxonomy":"post_tag","embeddable":true,"href":"https:\/\/nogawlape.org\/index.php?rest_route=%2Fwp%2Fv2%2Ftags&post=4046"}],"curies":[{"name":"wp","href":"https:\/\/api.w.org\/{rel}","templated":true}]}}